{"id":241,"date":"2023-03-17T16:17:32","date_gmt":"2023-03-17T16:17:32","guid":{"rendered":"https:\/\/letrangerediefremde.de\/?p=241"},"modified":"2023-03-17T16:17:33","modified_gmt":"2023-03-17T16:17:33","slug":"4","status":"publish","type":"post","link":"https:\/\/letrangerediefremde.de\/?p=241","title":{"rendered":"4)"},"content":{"rendered":"\n<p>Da ich nun fast meine Haltestelle erreich hatte, klappte ich das Buch zu und machte mich bereit, auszusteigen. Mit mir stieg ein junger Mann aus, er war ein wenig gr\u00f6\u00dfer als ich, ein wenig \u00e4lter. Er hatte kurze, blonde Haare, \u00fcber die ein Paar Kopfh\u00f6rer gespannt war, einen schwarzen Mantel und eine braune Ledertasche. Er wirkte sehr reserviert. Ich fragte mich, ob er Student sei. Bestimmt studierte er Informatik oder Mathematik. Aber vielleicht studiert er wie ich Germanistik oder Literatur. Sieht er aus, wie ein Literaturstudent? Aber dann muss ich an Kracht denken, er h\u00e4tte in diesem Alter bestimmt auch so einen Mantel mit Ledertasche getragen. Was ist, wenn dieser Mann ein Kracht ist? Nach au\u00dfen zur\u00fcckhaltend und nobel, aber zuhause wilde Geschichten, abstruse Fantasien \u00fcber Homosexualit\u00e4t und Homophobie und Drogen und Geld und Ansehen schreibend. Ich werde es wohl nie erfahren, aber der Gedanke bewegte mich; ich wollte ein Buch schreiben. Eins, das nicht auseinanderf\u00e4llt, wie meine erb\u00e4rmliche Kurzprosa.<\/p>\n","protected":false},"excerpt":{"rendered":"<p>Da ich nun fast meine Haltestelle erreich hatte, klappte ich das Buch zu und machte mich bereit, auszusteigen. Mit mir stieg ein junger Mann aus, er war ein wenig gr\u00f6\u00dfer als ich, ein wenig \u00e4lter. Er hatte kurze, blonde Haare, \u00fcber die ein Paar Kopfh\u00f6rer gespannt war, einen schwarzen Mantel und eine braune Ledertasche. Er [&hellip;]<\/p>\n","protected":false},"author":1,"featured_media":0,"comment_status":"open","ping_status":"open","sticky":false,"template":"","format":"standard","meta":{"footnotes":""},"categories":[28],"tags":[9,18],"_links":{"self":[{"href":"https:\/\/letrangerediefremde.de\/index.php?rest_route=\/wp\/v2\/posts\/241"}],"collection":[{"href":"https:\/\/letrangerediefremde.de\/index.php?rest_route=\/wp\/v2\/posts"}],"about":[{"href":"https:\/\/letrangerediefremde.de\/index.php?rest_route=\/wp\/v2\/types\/post"}],"author":[{"embeddable":true,"href":"https:\/\/letrangerediefremde.de\/index.php?rest_route=\/wp\/v2\/users\/1"}],"replies":[{"embeddable":true,"href":"https:\/\/letrangerediefremde.de\/index.php?rest_route=%2Fwp%2Fv2%2Fcomments&post=241"}],"version-history":[{"count":1,"href":"https:\/\/letrangerediefremde.de\/index.php?rest_route=\/wp\/v2\/posts\/241\/revisions"}],"predecessor-version":[{"id":242,"href":"https:\/\/letrangerediefremde.de\/index.php?rest_route=\/wp\/v2\/posts\/241\/revisions\/242"}],"wp:attachment":[{"href":"https:\/\/letrangerediefremde.de\/index.php?rest_route=%2Fwp%2Fv2%2Fmedia&parent=241"}],"wp:term":[{"taxonomy":"category","embeddable":true,"href":"https:\/\/letrangerediefremde.de\/index.php?rest_route=%2Fwp%2Fv2%2Fcategories&post=241"},{"taxonomy":"post_tag","embeddable":true,"href":"https:\/\/letrangerediefremde.de\/index.php?rest_route=%2Fwp%2Fv2%2Ftags&post=241"}],"curies":[{"name":"wp","href":"https:\/\/api.w.org\/{rel}","templated":true}]}}