{"id":34,"date":"2022-12-14T13:54:44","date_gmt":"2022-12-14T12:54:44","guid":{"rendered":"https:\/\/letrangerediefremde.wordpress.com\/?p=34"},"modified":"2023-03-24T19:03:09","modified_gmt":"2023-03-24T19:03:09","slug":"la-premiere-photo-de-nous","status":"publish","type":"post","link":"https:\/\/letrangerediefremde.de\/?p=34","title":{"rendered":"Une photo &#8211; une \u00e9poque"},"content":{"rendered":"\n<p class=\"has-text-align-justify\">Une photo comme on en trouve quelque part dans tous les albums photos des Allemands. Une petite gamine montrant sa grande c\u00f4ne rose au photographe cach\u00e9 derri\u00e8re la cam\u00e9ra digitale. Un sourire modeste, peut-\u00eatre mal \u00e0 l\u2019aise, sur ses l\u00e8vres, les yeux d\u2019un bleu fonc\u00e9, la chevelure d\u2019un blond clair. La premi\u00e8re journ\u00e9e \u00e0 l\u2019\u00e9cole ne s\u2019est peut-\u00eatre pas bien pass\u00e9e. Ses camarades se sont peut-\u00eatre moqu\u00e9s de sa courte chevelure de gar\u00e7on, ou peut-\u00eatre que c\u2019est autre chose qui la trouble. La couleur est fan\u00e9e, le nom devenu illisible, comme si on l\u2019avait touch\u00e9 trop, seulement la date et le lieu se laissent d\u00e9chiffrer. H***, 2007. La chanson&nbsp;\u00e0 la mode parmi nous enfants \u00e9tait une du groupe Banaroo, que j\u2019ai \u00e9cout\u00e9e mille fois sur le lecteur CD en dansant dans le salon, une musique d\u2019un groupe qui s\u2019habillait parfaitement \u00e0 la mode de l\u2019\u00e9poque&nbsp;: Des \u00e9charpes fines autour du cou en noir et blanc, des gilets en dessus des chemises \u00e0 carreaux, des franges qui passent d\u2019un c\u00f4t\u00e9 jusqu\u2019au bout de l\u2019autre. Ils ressemblaient aux gens qui prenaient des photos d\u2019eux devant la glace avec leur cam\u00e9ra digitale \u00e0 la main, quand les t\u00e9l\u00e9phones se sont d\u00e9j\u00e0 mobilis\u00e9s, quand ils ont perdu leur fil. J\u2019\u00e9tais fi\u00e8re d\u2019en avoir un, un tout petit Simens avec des jeux comme \u2018snake\u2019 que j\u2019ai jou\u00e9 sans arr\u00eat. Mais jamais, jamais, il fallait cliquer sur le bouton \u2018Internet\u2019. La voix de mon p\u00e8re resonne encore dans ma m\u00e9moire&nbsp;: \u00ab \u00c7a va co\u00fbter cher&nbsp;!&nbsp;\u00bb. Merkel \u00e9tait d\u00e9j\u00e0 chanceli\u00e8re, mais personne ne se doutait qu\u2019elle le resterait pendant seize ans. La musique Pop sortait de chaque radio, jouait sur chaque lecteur MP3, ma m\u00e8re regardait le cinqui\u00e8me Film d\u2019Harry Potter au cin\u00e9ma. C\u2019\u00e9tait \u00e0 peu pr\u00e8s dans cette \u00e9poque-l\u00e0 que je recevais ma premi\u00e8re t\u00e9l\u00e9, une petite bo\u00eete noire, qui, malgr\u00e9 sa petite taille, pesait tr\u00e8s lourd. A la t\u00e9l\u00e9 passaient toujours des pubs pour des arri\u00e8res-\u00e9crans, des horoscopes, des gadgets pour le t\u00e9l\u00e9phone, la plus grande arnaque que j\u2019ai connue. Nous, on s\u2019achetait plut\u00f4t des bonbons de cinq centimes au kiosque, de la barbe \u00e0 papa en petits sachets, qui produisaient des petites explosions sur la langue, tout en se transformant en gomme. Les autocollants et les fausses cigarettes en gomme, qui produisaient m\u00eame un petit nuage de fum\u00e9e circulaient parmi les \u00e9coliers. Tout cela \u00e9tait avant que les supermarch\u00e9s aient propos\u00e9 des alternatives v\u00e9g\u00e9tariennes, quand moi, j\u2019ai refus\u00e9 de manger de la viande, quand j\u2019ai d\u00e9couvert que les animaux qu\u2019on apprend \u00e0 aimer dans le Kindergarten, sont tu\u00e9s, abattus expr\u00e8s pour finir comme notre repas sur l\u2019assiette, au lieu de s\u2019endormir paisiblement, apr\u00e8s avoir v\u00e9cu une vie enrichissante, pleine d\u2019exp\u00e9riences et de chaleur.<\/p>\n\n\n\n<p class=\"has-secondary-color has-text-color\">Teil des <a href=\"https:\/\/letrangerediefremde.de\/?cat=29\" data-type=\"URL\" data-id=\"https:\/\/letrangerediefremde.de\/?cat=29\">atelier d&#8217;\u00e9critures<\/a> zum Thema Fotografie.<\/p>\n","protected":false},"excerpt":{"rendered":"<p>Une photo comme on en trouve quelque part dans tous les albums photos des Allemands. Une petite gamine montrant sa grande c\u00f4ne rose au photographe cach\u00e9 derri\u00e8re la cam\u00e9ra digitale. Un sourire modeste, peut-\u00eatre mal \u00e0 l\u2019aise, sur ses l\u00e8vres, les yeux d\u2019un bleu fonc\u00e9, la chevelure d\u2019un blond clair. La premi\u00e8re journ\u00e9e \u00e0 l\u2019\u00e9cole [&hellip;]<\/p>\n","protected":false},"author":2,"featured_media":0,"comment_status":"open","ping_status":"open","sticky":false,"template":"","format":"standard","meta":{"footnotes":""},"categories":[29],"tags":[12,13,18],"_links":{"self":[{"href":"https:\/\/letrangerediefremde.de\/index.php?rest_route=\/wp\/v2\/posts\/34"}],"collection":[{"href":"https:\/\/letrangerediefremde.de\/index.php?rest_route=\/wp\/v2\/posts"}],"about":[{"href":"https:\/\/letrangerediefremde.de\/index.php?rest_route=\/wp\/v2\/types\/post"}],"author":[{"embeddable":true,"href":"https:\/\/letrangerediefremde.de\/index.php?rest_route=\/wp\/v2\/users\/2"}],"replies":[{"embeddable":true,"href":"https:\/\/letrangerediefremde.de\/index.php?rest_route=%2Fwp%2Fv2%2Fcomments&post=34"}],"version-history":[{"count":4,"href":"https:\/\/letrangerediefremde.de\/index.php?rest_route=\/wp\/v2\/posts\/34\/revisions"}],"predecessor-version":[{"id":517,"href":"https:\/\/letrangerediefremde.de\/index.php?rest_route=\/wp\/v2\/posts\/34\/revisions\/517"}],"wp:attachment":[{"href":"https:\/\/letrangerediefremde.de\/index.php?rest_route=%2Fwp%2Fv2%2Fmedia&parent=34"}],"wp:term":[{"taxonomy":"category","embeddable":true,"href":"https:\/\/letrangerediefremde.de\/index.php?rest_route=%2Fwp%2Fv2%2Fcategories&post=34"},{"taxonomy":"post_tag","embeddable":true,"href":"https:\/\/letrangerediefremde.de\/index.php?rest_route=%2Fwp%2Fv2%2Ftags&post=34"}],"curies":[{"name":"wp","href":"https:\/\/api.w.org\/{rel}","templated":true}]}}