{"id":556,"date":"2023-04-08T21:19:18","date_gmt":"2023-04-08T21:19:18","guid":{"rendered":"https:\/\/letrangerediefremde.de\/?p=556"},"modified":"2023-04-08T21:20:58","modified_gmt":"2023-04-08T21:20:58","slug":"photos-dinconnus","status":"publish","type":"post","link":"https:\/\/letrangerediefremde.de\/?p=556","title":{"rendered":"Photos d&#8217;inconnus"},"content":{"rendered":"\n<p>C\u2019\u00e9tait en juillet 1974, deux mois apr\u00e8s le 16\u00e8me anniversaire de Fr\u00e9d\u00e9ric, que sa m\u00e8re Louise proposait spontan\u00e9ment de faire un voyage \u00e0 Paris. Elle aimait voyager et ne n\u2019\u00e9tait pas la premi\u00e8re fois qu\u2019elle y allait. Quand elle \u00e9tait jeune, elle allait souvent \u00e0 Barcelone et en 1969 elle fit un voyage avec son fils \u00e0 Amsterdam.<br>Cette fois-ci, Louise voulait partir pour voir les f\u00eates du 14 juillet, car \u00e7a tombait sur un dimanche. Ayant re\u00e7u pour son anniversaire une cam\u00e9ra, Fr\u00e9d\u00e9ric voulait l\u2019emmener pour garder ce voyage sous forme de photographies. Sur l\u2019une d\u2019elles, on peut retracer le chemin qu\u2019ils avaient fit sur les Champs-Elys\u00e9es. Au fond, l\u2019arc de triomphe et une masse de voitures sont visibles. Sur les c\u00f4t\u00e9s on aper\u00e7oit les drapeaux tricolores. Il faisait chaud, mais pas trop. Paul, le p\u00e8re de Fr\u00e9d\u00e9ric, portait des pantalons longs, comme on peut le voir sur une photo prise dans un parc. Involontairement, Paul y pose \u00e0 c\u00f4t\u00e9 d\u2019un lion en pierre. Paul se cache dans l\u2019ombre des arbres pendant que Fr\u00e9d\u00e9ric, de l\u2019autre c\u00f4t\u00e9 de la rue, le prend en photo. Il fit peu de photos de son p\u00e8re qui ne les aimait pas. Sa m\u00e8re en revanche, lui demanda plusieurs fois de la prendre en photo, ce qu\u2019il fit avec plaisir. Elle y pose dans une jolie robe bleue devant un carrefour ordinaire. En arri\u00e8re-plan, on aper\u00e7oit la publicit\u00e9 pour Giscard d\u2019Estaing, des motos et la vie anim\u00e9e dans les rues de Paris. Toutes ces petites choses, comme ce carrefour parisien, les excitait, Paris les \u00e9merveillait \u00e0 chaque regard. Nulle part ailleurs Fr\u00e9d\u00e9ric n\u2019avait vu une telle architecture. Tout lui semblait impressionnant : Les b\u00e2timents historiques comme modernes, presque futuristes. C\u2019est pourquoi il gardait m\u00eame les photos floues de Paris : Car elles montraient l\u2019extraordinaire, la modernit\u00e9 frappante de Paris. Ils ne visit\u00e8rent pas la tour Eiffel. Cet endroit leur \u00e9tait trop touristique et on ne la voit donc sur aucune des photos de Fr\u00e9d\u00e9ric. Ils pass\u00e8rent de nombreux monuments et sites historiques, parmi eux un que Fr\u00e9d\u00e9ric photographia beaucoup : Le Grand Palais. Ce m\u00e9lange entre style classicisme et modernit\u00e9 avec le toit en verre le fascinait tant, qu\u2019il en existe encore aujourd\u2019hui des photos pas tout \u00e0 fait r\u00e9ussites, qu\u2019il ne voulait pas jeter malgr\u00e9 leur qualit\u00e9. Ils visit\u00e8rent \u00e9galement des expositions, mais comme la photographie \u00e9tait interdite \u00e0 l\u2019int\u00e9rieur des mus\u00e9es, et comme, apr\u00e8s tout, la lumi\u00e8re n\u2019y \u00e9tait pas suffisante, il n\u2019en existe aucune dans l\u2019album photo. Nonobstant, on peut reconstruire leur s\u00e9jour et les activit\u00e9s faites \u00e0 partir des billets d\u2019entr\u00e9e attach\u00e9s dans l\u2019album.<br>L\u2019atmosph\u00e8re \u00e0 Paris avait quelque chose de particulier et Fr\u00e9d\u00e9ric ne savait pas s\u2019il l\u2019aimait ou le m\u00e9prisait. Jamais il n\u2019avait vu d\u2019aussi grands boulevards, jamais n\u2019avait-il vu une telle foule. Partout o\u00f9 on allait, on voyait du monde, des gens si diff\u00e9rents. Une fois les photos d\u00e9velopp\u00e9es, il les montrait \u00e0 ses potes, qui \u00e9coutaient ses histoires et regardaient ses photos, les photos color\u00e9es, ros\u00e2tres. Ses camarades s\u2019\u00e9taient attendus \u00e0 une repr\u00e9sentation banale de Paris : La tour Eiffel, la cath\u00e9drale de Sacr\u00e9-Coeur, des artistes dans les rues. Mais de ce que leur ami leur montra quand il sortit l\u2019enveloppe de son cartable, ils furent d\u00e9\u00e7us. Les photos de Fr\u00e9d\u00e9ric montraient un Paris tel qu\u2019ils ne l\u2019avaient jamais vu. On n\u2019y voyait que des fa\u00e7ades ordinaires, que le Grand Palais de diff\u00e9rents angles, que des lampadaires \u00e9tant plus pr\u00e9sents sur la photo que l\u2019arc de triomphe en arri\u00e8re-plan, qu\u2019une petite partie de la tour St. Jacques \u00e0 c\u00f4t\u00e9 d\u2019un arbre, aucun des deux n\u2019\u00e9tant droit sur la photo. Mais cela les d\u00e9rangeait peu en comparaison avec ce que Fr\u00e9d\u00e9ric raconta de l\u2019atmosph\u00e8re, du bruit, de l\u2019odeur, de la temp\u00e9rature, de l\u2019exc\u00e8s et de l\u2019immensit\u00e9.<\/p>\n\n\n\n<p class=\"has-secondary-color has-text-color\">Teil des&nbsp;<a href=\"https:\/\/letrangerediefremde.de\/?cat=29\">atelier d\u2019\u00e9critures<\/a>&nbsp;zum Thema Fotografie.<\/p>\n","protected":false},"excerpt":{"rendered":"<p>C\u2019\u00e9tait en juillet 1974, deux mois apr\u00e8s le 16\u00e8me anniversaire de Fr\u00e9d\u00e9ric, que sa m\u00e8re Louise proposait spontan\u00e9ment de faire un voyage \u00e0 Paris. Elle aimait voyager et ne n\u2019\u00e9tait pas la premi\u00e8re fois qu\u2019elle y allait. Quand elle \u00e9tait jeune, elle allait souvent \u00e0 Barcelone et en 1969 elle fit un voyage avec son [&hellip;]<\/p>\n","protected":false},"author":1,"featured_media":0,"comment_status":"open","ping_status":"open","sticky":false,"template":"","format":"standard","meta":{"footnotes":""},"categories":[29],"tags":[12,13,16,18],"_links":{"self":[{"href":"https:\/\/letrangerediefremde.de\/index.php?rest_route=\/wp\/v2\/posts\/556"}],"collection":[{"href":"https:\/\/letrangerediefremde.de\/index.php?rest_route=\/wp\/v2\/posts"}],"about":[{"href":"https:\/\/letrangerediefremde.de\/index.php?rest_route=\/wp\/v2\/types\/post"}],"author":[{"embeddable":true,"href":"https:\/\/letrangerediefremde.de\/index.php?rest_route=\/wp\/v2\/users\/1"}],"replies":[{"embeddable":true,"href":"https:\/\/letrangerediefremde.de\/index.php?rest_route=%2Fwp%2Fv2%2Fcomments&post=556"}],"version-history":[{"count":2,"href":"https:\/\/letrangerediefremde.de\/index.php?rest_route=\/wp\/v2\/posts\/556\/revisions"}],"predecessor-version":[{"id":561,"href":"https:\/\/letrangerediefremde.de\/index.php?rest_route=\/wp\/v2\/posts\/556\/revisions\/561"}],"wp:attachment":[{"href":"https:\/\/letrangerediefremde.de\/index.php?rest_route=%2Fwp%2Fv2%2Fmedia&parent=556"}],"wp:term":[{"taxonomy":"category","embeddable":true,"href":"https:\/\/letrangerediefremde.de\/index.php?rest_route=%2Fwp%2Fv2%2Fcategories&post=556"},{"taxonomy":"post_tag","embeddable":true,"href":"https:\/\/letrangerediefremde.de\/index.php?rest_route=%2Fwp%2Fv2%2Ftags&post=556"}],"curies":[{"name":"wp","href":"https:\/\/api.w.org\/{rel}","templated":true}]}}