{"id":559,"date":"2023-04-08T21:20:51","date_gmt":"2023-04-08T21:20:51","guid":{"rendered":"https:\/\/letrangerediefremde.de\/?p=559"},"modified":"2023-04-08T21:20:51","modified_gmt":"2023-04-08T21:20:51","slug":"et-moi-alors","status":"publish","type":"post","link":"https:\/\/letrangerediefremde.de\/?p=559","title":{"rendered":"Et moi, alors &#8230; ?"},"content":{"rendered":"\n<p>En regardant toutes ces photos pour la premi\u00e8re fois, je ne sentais pas grand-chose. Mais en les observant de plus pr\u00e8s, je commen\u00e7ais \u00e0 me poser des questions. Qui \u00e9tait la personne \u00e0 laquelle appartenaient ces photos ? Qui \u00e9tait la personne qui vendait ces photos et pourquoi ? Est-ce que la fille qu\u2019on peut voir sur quasiment toutes les photos est morte ? Comment est-elle morte ? N\u2019avait-elle pas d\u2019enfants qui gardaient ses souvenirs ? Que reste-t-il de cette personne \u00e0 part son sourire sur les photos, qui parlera encore d\u2019elle ? \u00c0 quoi a-t-elle contribu\u00e9 dans ce monde, qu\u2019a-t-elle ressenti et pens\u00e9 au moment de la prise des photos ? Son sourire, d\u2019ailleurs, me rend m\u00e9lancolique. En observant les photos je me suis tant familiaris\u00e9e avec son sourire si distinct, si unique. Il m\u2019est devenu un point de rep\u00e8re que j\u2019ai reconnu sur toutes les autres photos, qui pour moi l\u2019a marqu\u00e9e \u00e0 travers toute sa vie. Et je sais que si quelqu\u2019un vendait ces photos, ces objets d\u2019une valeur sentimentale, elle ne sourirait plus jamais. Je sais, que jamais je n\u2019entendrai sa voix, le rire qui accompagnait ce sourire. Je sais, qu\u2019elle ne posera plus jamais pied au jardin de Tuileries en printemps, comme elle l\u2019a fait en 1972.<br>Ce qui m\u2019intrigue aussi c\u2019est sa vision du monde qui se manifeste particuli\u00e8rement \u00e0 travers les photos lors de son voyage \u00e0 Paris. Qu\u2019est-ce que l\u2019a int\u00e9ress\u00e9e ? De quoi a-t-elle voulu garder un souvenir ? Comment la popularisation de la photographie a-t-elle influenc\u00e9e son regard du monde et les photos qu\u2019elle a prises ? Et surtout : Lesquelles de ces photos \u00e9taient encadr\u00e9es, o\u00f9 est-ce qu\u2019elle les a mises ? Sur le rebord de la chemin\u00e9e ? \u00c9taient-elles accroch\u00e9es dans le salon ? Cach\u00e9es dans son portefeuille ? Ou est-ce que finalement ces photos-l\u00e0 avaient \u00e9t\u00e9 oubli\u00e9es dans un album photo au grenier ? Les a-t-elle jamais regard\u00e9es ?<br>Je me demande \u00e9galement ce qu\u2019on pensera de moi \u00e0 partir des biens mat\u00e9riels que je laisserai derri\u00e8re moi apr\u00e8s ma mort. Certains changeront-ils de regard sur moi ? Que vont-ils d\u00e9duire de la vie que je menais, comment vont-ils reconstruire ma vie, mes pens\u00e9es, mes \u00e9motions ? Est-ce qu\u2019on se souviendra de moi ? Pour combien de temps ?<br>Ou est-ce que toutes les possessions mat\u00e9rielles qui composent ma vie seront revendues, servant \u00e0 d\u2019autres gens, ou bien br\u00fbl\u00e9es dans une d\u00e9chetterie avec les ordures m\u00e9nag\u00e8res ?<br>Ferai-je aussi l\u2019objet d\u2019un atelier d\u2019\u00e9criture ?<\/p>\n\n\n\n<p class=\"has-secondary-color has-text-color\">Teil des\u00a0<a href=\"https:\/\/letrangerediefremde.de\/?cat=29\">atelier d\u2019\u00e9critures<\/a>\u00a0zum Thema Fotografie.<\/p>\n","protected":false},"excerpt":{"rendered":"<p>En regardant toutes ces photos pour la premi\u00e8re fois, je ne sentais pas grand-chose. Mais en les observant de plus pr\u00e8s, je commen\u00e7ais \u00e0 me poser des questions. Qui \u00e9tait la personne \u00e0 laquelle appartenaient ces photos ? Qui \u00e9tait la personne qui vendait ces photos et pourquoi ? Est-ce que la fille qu\u2019on peut [&hellip;]<\/p>\n","protected":false},"author":1,"featured_media":0,"comment_status":"open","ping_status":"open","sticky":false,"template":"","format":"standard","meta":{"footnotes":""},"categories":[29],"tags":[12,13,18],"_links":{"self":[{"href":"https:\/\/letrangerediefremde.de\/index.php?rest_route=\/wp\/v2\/posts\/559"}],"collection":[{"href":"https:\/\/letrangerediefremde.de\/index.php?rest_route=\/wp\/v2\/posts"}],"about":[{"href":"https:\/\/letrangerediefremde.de\/index.php?rest_route=\/wp\/v2\/types\/post"}],"author":[{"embeddable":true,"href":"https:\/\/letrangerediefremde.de\/index.php?rest_route=\/wp\/v2\/users\/1"}],"replies":[{"embeddable":true,"href":"https:\/\/letrangerediefremde.de\/index.php?rest_route=%2Fwp%2Fv2%2Fcomments&post=559"}],"version-history":[{"count":1,"href":"https:\/\/letrangerediefremde.de\/index.php?rest_route=\/wp\/v2\/posts\/559\/revisions"}],"predecessor-version":[{"id":560,"href":"https:\/\/letrangerediefremde.de\/index.php?rest_route=\/wp\/v2\/posts\/559\/revisions\/560"}],"wp:attachment":[{"href":"https:\/\/letrangerediefremde.de\/index.php?rest_route=%2Fwp%2Fv2%2Fmedia&parent=559"}],"wp:term":[{"taxonomy":"category","embeddable":true,"href":"https:\/\/letrangerediefremde.de\/index.php?rest_route=%2Fwp%2Fv2%2Fcategories&post=559"},{"taxonomy":"post_tag","embeddable":true,"href":"https:\/\/letrangerediefremde.de\/index.php?rest_route=%2Fwp%2Fv2%2Ftags&post=559"}],"curies":[{"name":"wp","href":"https:\/\/api.w.org\/{rel}","templated":true}]}}